{"id":3125,"date":"2019-02-20T12:52:44","date_gmt":"2019-02-20T10:52:44","guid":{"rendered":"http:\/\/www.geocenter.fi.testwww.yritysweb.fi\/NGC\/blogi\/?p=3125"},"modified":"2019-02-20T12:52:52","modified_gmt":"2019-02-20T10:52:52","slug":"riegl-vq-1560i-toiminnassa","status":"publish","type":"post","link":"https:\/\/geocenter.fi\/blogi\/riegl-vq-1560i-toiminnassa\/","title":{"rendered":"Riegl VQ-1560i toiminnassa!"},"content":{"rendered":"\n<p>Maailmaa kartoitetaan koko ajan maastossa, lentokoneesta ja satelliiteista, mutta millaista itse toiminta on? Videossa p\u00e4\u00e4set lentokoneen kyytiin aineiston keruuvaiheeseen ja n\u00e4et miten Floridassa k\u00e4ytet\u00e4\u00e4n <a href=\"http:\/\/www.geocenter.fi.testwww.yritysweb.fi\/NGC\/riegl\/riegl-vq-1560i\/\">Riegl VQ-1560i -laserkeilausj\u00e4rjestelm\u00e4\u00e4<\/a> tulvamallien tuottamiseen.<\/p>\n\n\n\n<p>Suomessa toimivat konsultit k\u00e4ytt\u00e4v\u00e4t my\u00f6s t\u00e4t\u00e4 keilainta osassa teht\u00e4viss\u00e4\u00e4n ja Viron maamittauslaitos kartoittaa Viroa samalla laitteistolla. T\u00e4n\u00e4 vuonna on muuten vuorossa Etel\u00e4-Viron mittaus. Maa muuttuu, joten Virossa kartoitetaan maa  alueittain kolmen vuoden kierrolla.<\/p>\n\n\n\n<figure class=\"wp-block-embed-youtube wp-block-embed is-type-video is-provider-youtube wp-embed-aspect-16-9 wp-has-aspect-ratio\"><div class=\"wp-block-embed__wrapper\">\n<iframe loading=\"lazy\" title=\"LIDAR Data Collection\" width=\"625\" height=\"352\" src=\"https:\/\/www.youtube.com\/embed\/BVeoiDzs0uQ?feature=oembed\" frameborder=\"0\" allow=\"accelerometer; autoplay; clipboard-write; encrypted-media; gyroscope; picture-in-picture; web-share\" referrerpolicy=\"strict-origin-when-cross-origin\" allowfullscreen><\/iframe>\n<\/div><\/figure>\n\n\n\n<p><\/p>\n","protected":false},"excerpt":{"rendered":"<p>Maailmaa kartoitetaan koko ajan maastossa, lentokoneesta ja satelliiteista, mutta millaista itse toiminta on? Videossa p\u00e4\u00e4set lentokoneen kyytiin aineiston keruuvaiheeseen ja n\u00e4et miten Floridassa k\u00e4ytet\u00e4\u00e4n Riegl VQ-1560i -laserkeilausj\u00e4rjestelm\u00e4\u00e4 tulvamallien tuottamiseen. Suomessa toimivat konsultit k\u00e4ytt\u00e4v\u00e4t my\u00f6s t\u00e4t\u00e4 keilainta osassa teht\u00e4viss\u00e4\u00e4n ja Viron maamittauslaitos kartoittaa Viroa samalla laitteistolla. T\u00e4n\u00e4 vuonna on muuten vuorossa Etel\u00e4-Viron mittaus. Maa muuttuu, joten [&hellip;]<\/p>\n","protected":false},"author":1,"featured_media":0,"comment_status":"open","ping_status":"open","sticky":false,"template":"","format":"standard","meta":{"footnotes":""},"categories":[6,10],"tags":[],"class_list":["post-3125","post","type-post","status-publish","format-standard","hentry","category-laserkeilaus","category-riegl"],"_links":{"self":[{"href":"https:\/\/geocenter.fi\/blogi\/wp-json\/wp\/v2\/posts\/3125","targetHints":{"allow":["GET"]}}],"collection":[{"href":"https:\/\/geocenter.fi\/blogi\/wp-json\/wp\/v2\/posts"}],"about":[{"href":"https:\/\/geocenter.fi\/blogi\/wp-json\/wp\/v2\/types\/post"}],"author":[{"embeddable":true,"href":"https:\/\/geocenter.fi\/blogi\/wp-json\/wp\/v2\/users\/1"}],"replies":[{"embeddable":true,"href":"https:\/\/geocenter.fi\/blogi\/wp-json\/wp\/v2\/comments?post=3125"}],"version-history":[{"count":0,"href":"https:\/\/geocenter.fi\/blogi\/wp-json\/wp\/v2\/posts\/3125\/revisions"}],"wp:attachment":[{"href":"https:\/\/geocenter.fi\/blogi\/wp-json\/wp\/v2\/media?parent=3125"}],"wp:term":[{"taxonomy":"category","embeddable":true,"href":"https:\/\/geocenter.fi\/blogi\/wp-json\/wp\/v2\/categories?post=3125"},{"taxonomy":"post_tag","embeddable":true,"href":"https:\/\/geocenter.fi\/blogi\/wp-json\/wp\/v2\/tags?post=3125"}],"curies":[{"name":"wp","href":"https:\/\/api.w.org\/{rel}","templated":true}]}}